{"id":203,"date":"2018-07-30T11:14:57","date_gmt":"2018-07-30T09:14:57","guid":{"rendered":"https:\/\/www.empleo-info.eu\/?p=203"},"modified":"2018-08-16T13:24:13","modified_gmt":"2018-08-16T11:24:13","slug":"primer-seminario-de-actores-de-empleo-transfronterizos","status":"publish","type":"post","link":"https:\/\/www.empleo-info.eu\/es\/noticias\/primer-seminario-de-actores-de-empleo-transfronterizos\/","title":{"rendered":"Primer seminario de actores de empleo transfronterizos."},"content":{"rendered":"<h2><strong>La celebraci\u00f3n del seminario es el segundo paso del proyecto europeo EMPLEO.<\/strong><\/h2>\n<p>Iniciado en marzo de 2017, el proyecto Empleo AE pretende facilitar las relaciones entre las tres regiones en t\u00e9rminos de empleo y desarrollar una mano de obra eurorregional. Este proyecto est\u00e1 siendo cofinanciado por el Fondo de Desarrollo Regional del FEDER, a trav\u00e9s del programa Interreg V-A Espa\u00f1a, Francia, Andorra (POCTEFA 2014-2020).<\/p>\n<p>El primer seminario de trabajo de los actores del empleo transfronterizo tuvo lugar los d\u00edas 21 y 22 de junio de 2018 en Hendaya. Reuni\u00f3 a agentes del \u00e1mbito del empleo transfronterizos de las tres regiones afectadas (Euskadi Navarra y Nueva Aquitania).<\/p>\n<p><strong>Los agentes se reunieron para generar una colaboraci\u00f3n m\u00e1s estrecha y de largo plazo que permita la armonizaci\u00f3n de las pr\u00e1cticas y aportar mayor claridad a los diferentes tr\u00e1mites administrativos que deben realizar los trabajadores transfronterizos.<\/strong><\/p>\n<p>Reunirse con todos los actores del empleo transfronterizo, dar la palabra a cada uno de ellos, tomarse el tiempo para escuchar y comprender mejor sus expectativas, construir juntos temas de reflexi\u00f3n para desarrollar la movilidad transfronteriza, recoger buenas ideas, las necesidades de los trabajadores, de las personas que buscan empleo y de las empresas.<\/p>\n<p>En el marco de una mesa redonda se propusieron una serie de temas de reflexi\u00f3n:<\/p>\n<ul>\n<li>La condici\u00f3n de trabajador transfronterizo.<\/li>\n<li>El derecho laboral aplicable (tipos de contratos, trabajadores desplazados, condiciones laborales).<\/li>\n<li>La fiscalidad (declaraci\u00f3n de ingresos, retenciones, declaraci\u00f3n de los empleadores y empleados).<\/li>\n<li>La protecci\u00f3n social (prestaciones en met\u00e1lico, atenci\u00f3n sanitaria, desempleo, jubilaci\u00f3n, etc.).<\/li>\n<li>Las prestaciones familiares.<\/li>\n<li>Los servicios del empleo (gesti\u00f3n de ofertas y demandas, la red EURES, los servicios de apoyo, etc.).<\/li>\n<\/ul>\n<p>El seminario puso en evidencia la necesidad de constituir una red de agentes p\u00fablicos transfronterizos para favorecer el desarrollo del empleo transfronterizo. Hizo hincapi\u00e9 en la importancia de eliminar las barreras a las que se enfrentan los funcionarios de las administraciones, en el tema del empleo transfronterizo.<\/p>\n","protected":false},"excerpt":{"rendered":"<p>La celebraci\u00f3n del seminario es el segundo paso del proyecto europeo EMPLEO. Iniciado en marzo de 2017, el proyecto Empleo AE pretende facilitar las relaciones [&hellip;]<\/p>\n","protected":false},"author":13,"featured_media":17,"comment_status":"open","ping_status":"open","sticky":false,"template":"","format":"standard","meta":{"footnotes":""},"categories":[2],"tags":[],"class_list":["post-203","post","type-post","status-publish","format-standard","has-post-thumbnail","hentry","category-noticias"],"_links":{"self":[{"href":"https:\/\/www.empleo-info.eu\/es\/wp-json\/wp\/v2\/posts\/203","targetHints":{"allow":["GET"]}}],"collection":[{"href":"https:\/\/www.empleo-info.eu\/es\/wp-json\/wp\/v2\/posts"}],"about":[{"href":"https:\/\/www.empleo-info.eu\/es\/wp-json\/wp\/v2\/types\/post"}],"author":[{"embeddable":true,"href":"https:\/\/www.empleo-info.eu\/es\/wp-json\/wp\/v2\/users\/13"}],"replies":[{"embeddable":true,"href":"https:\/\/www.empleo-info.eu\/es\/wp-json\/wp\/v2\/comments?post=203"}],"version-history":[{"count":0,"href":"https:\/\/www.empleo-info.eu\/es\/wp-json\/wp\/v2\/posts\/203\/revisions"}],"wp:featuredmedia":[{"embeddable":true,"href":"https:\/\/www.empleo-info.eu\/es\/wp-json\/wp\/v2\/media\/17"}],"wp:attachment":[{"href":"https:\/\/www.empleo-info.eu\/es\/wp-json\/wp\/v2\/media?parent=203"}],"wp:term":[{"taxonomy":"category","embeddable":true,"href":"https:\/\/www.empleo-info.eu\/es\/wp-json\/wp\/v2\/categories?post=203"},{"taxonomy":"post_tag","embeddable":true,"href":"https:\/\/www.empleo-info.eu\/es\/wp-json\/wp\/v2\/tags?post=203"}],"curies":[{"name":"wp","href":"https:\/\/api.w.org\/{rel}","templated":true}]}}